{"id":32473,"date":"2025-09-08T15:35:45","date_gmt":"2025-09-08T15:35:45","guid":{"rendered":"https:\/\/artunio.com\/?p=32473"},"modified":"2025-10-01T17:08:08","modified_gmt":"2025-10-01T17:08:08","slug":"european-cooperation-projects-medium-scale-2","status":"publish","type":"post","link":"https:\/\/artunio.com\/sk\/32473\/","title":{"rendered":"European Cooperation Projects Medium Scale"},"content":{"rendered":"<div data-elementor-type=\"wp-post\" data-elementor-id=\"32473\" class=\"elementor elementor-32473\" data-elementor-post-type=\"post\">\n\t\t\t\t\t\t<section class=\"ob-is-breaking-bad elementor-section elementor-top-section elementor-element elementor-element-e0d74a3 elementor-section-boxed elementor-section-height-default elementor-section-height-default\" data-id=\"e0d74a3\" data-element_type=\"section\" data-settings=\"{&quot;_ob_bbad_use_it&quot;:&quot;yes&quot;,&quot;_ob_bbad_sssic_use&quot;:&quot;no&quot;,&quot;_ob_glider_is_slider&quot;:&quot;no&quot;}\" data-no-translation=\"\">\n\t\t\t\t\t\t<div class=\"elementor-container elementor-column-gap-default\">\n\t\t\t\t\t<div class=\"elementor-column elementor-col-100 elementor-top-column elementor-element elementor-element-362c772\" data-id=\"362c772\" data-element_type=\"column\" data-settings=\"{&quot;_ob_bbad_is_stalker&quot;:&quot;no&quot;,&quot;_ob_teleporter_use&quot;:false,&quot;_ob_column_hoveranimator&quot;:&quot;no&quot;,&quot;_ob_column_has_pseudo&quot;:&quot;no&quot;}\">\n\t\t\t<div class=\"elementor-widget-wrap elementor-element-populated\">\n\t\t\t\t\t\t<div class=\"elementor-element elementor-element-c593302 ob-harakiri-inherit ob-has-background-overlay elementor-widget elementor-widget-heading\" data-id=\"c593302\" data-element_type=\"widget\" data-settings=\"{&quot;_ob_use_harakiri&quot;:&quot;yes&quot;,&quot;_ob_harakiri_writing_mode&quot;:&quot;inherit&quot;,&quot;_ob_harakiri_text_clip&quot;:&quot;none&quot;,&quot;_ob_perspektive_use&quot;:&quot;no&quot;,&quot;_ob_poopart_use&quot;:&quot;yes&quot;,&quot;_ob_shadough_use&quot;:&quot;no&quot;,&quot;_ob_allow_hoveranimator&quot;:&quot;no&quot;,&quot;_ob_widget_stalker_use&quot;:&quot;no&quot;}\" data-widget_type=\"heading.default\">\n\t\t\t\t<div class=\"elementor-widget-container\">\n\t\t\t\t\t<h2 class=\"elementor-heading-title elementor-size-default\">European Cooperation Projects Medium Scale<\/h2>\t\t\t\t<\/div>\n\t\t\t\t<\/div>\n\t\t\t\t<div class=\"elementor-element elementor-element-35304d8 ob-harakiri-inherit ob-has-background-overlay elementor-widget elementor-widget-heading\" data-id=\"35304d8\" data-element_type=\"widget\" data-settings=\"{&quot;_ob_use_harakiri&quot;:&quot;yes&quot;,&quot;_ob_harakiri_writing_mode&quot;:&quot;inherit&quot;,&quot;_ob_harakiri_text_clip&quot;:&quot;none&quot;,&quot;_ob_perspektive_use&quot;:&quot;no&quot;,&quot;_ob_poopart_use&quot;:&quot;yes&quot;,&quot;_ob_shadough_use&quot;:&quot;no&quot;,&quot;_ob_allow_hoveranimator&quot;:&quot;no&quot;,&quot;_ob_widget_stalker_use&quot;:&quot;no&quot;}\" data-widget_type=\"heading.default\">\n\t\t\t\t<div class=\"elementor-widget-container\">\n\t\t\t\t\t<h2 class=\"elementor-heading-title elementor-size-default\">CREA-CULT-2025-COOP-2<\/h2>\t\t\t\t<\/div>\n\t\t\t\t<\/div>\n\t\t\t\t<div class=\"elementor-element elementor-element-a4c8a4a stax-condition-yes ob-has-background-overlay elementor-widget elementor-widget-shortcode\" data-id=\"a4c8a4a\" data-element_type=\"widget\" data-settings=\"{&quot;_ob_perspektive_use&quot;:&quot;no&quot;,&quot;_ob_poopart_use&quot;:&quot;yes&quot;,&quot;_ob_shadough_use&quot;:&quot;no&quot;,&quot;_ob_allow_hoveranimator&quot;:&quot;no&quot;,&quot;_ob_widget_stalker_use&quot;:&quot;no&quot;}\" data-no-translation=\"\" data-widget_type=\"shortcode.default\">\n\t\t\t\t<div class=\"elementor-widget-container\">\n\t\t\t\t\t\t\t<div class=\"elementor-shortcode\">[table id=7 \/]<\/div>\n\t\t\t\t\t\t<\/div>\n\t\t\t\t<\/div>\n\t\t\t\t<div class=\"elementor-element elementor-element-7d51f7e ob-harakiri-inherit ob-has-background-overlay elementor-widget elementor-widget-text-editor\" data-id=\"7d51f7e\" data-element_type=\"widget\" data-settings=\"{&quot;_ob_use_harakiri&quot;:&quot;yes&quot;,&quot;_ob_harakiri_writing_mode&quot;:&quot;inherit&quot;,&quot;_ob_postman_use&quot;:&quot;no&quot;,&quot;_ob_perspektive_use&quot;:&quot;no&quot;,&quot;_ob_poopart_use&quot;:&quot;yes&quot;,&quot;_ob_shadough_use&quot;:&quot;no&quot;,&quot;_ob_allow_hoveranimator&quot;:&quot;no&quot;,&quot;_ob_widget_stalker_use&quot;:&quot;no&quot;}\" data-widget_type=\"text-editor.default\">\n\t\t\t\t<div class=\"elementor-widget-container\">\n\t\t\t\t\t\t\t\t\t<div class=\"eui-card-header__container\"><div class=\"eui-card-header__title-container\"><div class=\"eui-card-header__container\"><div class=\"eui-card-header__title-container\"><div class=\"eui-card-header__container\"><div class=\"eui-card-header__title-container\"><strong><span dir=\"auto\">Popis t\u00e9my<\/span><\/strong><\/div><\/div><div class=\"\"><p><span class=\"topicdescriptionkind\"><span dir=\"auto\">Cie\u013e:<\/span><\/span><\/p><p><span dir=\"auto\">Akcia Eur\u00f3pske projekty spolupr\u00e1ce podporuje projekty, do ktor\u00fdch s\u00fa zapojen\u00e9 organiz\u00e1cie v kult\u00farnom a kreat\u00edvnom sektore v\u0161etk\u00fdch ve\u013ekost\u00ed vr\u00e1tane mikroorganiz\u00e1ci\u00ed a mal\u00fdch organiz\u00e1ci\u00ed a z r\u00f4znych kraj\u00edn, aby vykon\u00e1vali sektorov\u00e9 alebo medzisektorov\u00e9 aktivity.<\/span><\/p><p><span dir=\"auto\">O\u010dak\u00e1va sa, \u017ee n\u00e1vrhy bud\u00fa ma\u0165 jasn\u00fd\u00a0<\/span><strong><span dir=\"auto\">rozmer cezhrani\u010dnej spolupr\u00e1ce,<\/span><\/strong><span dir=\"auto\">\u00a0ke\u010f\u017ee ten je jadrom eur\u00f3pskych projektov spolupr\u00e1ce.<\/span><\/p><p><span dir=\"auto\">T\u00e1to akcia je zakotven\u00e1 v politickom r\u00e1mci kult\u00farnej zlo\u017eky programu Kreat\u00edvna Eur\u00f3pa a v hlavn\u00fdch priorit\u00e1ch E\u00da (\u00fasilie E\u00da o ekologiz\u00e1ciu, za\u010dlenenie a rodov\u00e1 rovnos\u0165, digit\u00e1lna transform\u00e1cia a medzin\u00e1rodn\u00e9 vz\u0165ahy).<\/span><\/p><p><span dir=\"auto\">Projekty eur\u00f3pskej spolupr\u00e1ce s\u00fa otvoren\u00e9 pre v\u0161etky kult\u00farne a kreat\u00edvne sektory. Vzh\u013eadom na to, \u017ee t\u00e1to akcia sa zameriava na dosiahnutie cie\u013eov kult\u00farnej zlo\u017eky programu, projekty zah\u0155\u0148aj\u00face v\u00fdlu\u010dne organiz\u00e1cie z audiovizu\u00e1lneho sektora a projekty s exkluz\u00edvnym audiovizu\u00e1lnym obsahom nepatria do rozsahu tejto v\u00fdzvy, a preto nie s\u00fa opr\u00e1vnen\u00e9 na financovanie v jej r\u00e1mci.<\/span><\/p><p><span dir=\"auto\">O\u010dak\u00e1va sa, \u017ee n\u00e1vrhy bud\u00fa ma\u0165 jasn\u00fd\u00a0<\/span><strong><span dir=\"auto\">rozmer cezhrani\u010dnej spolupr\u00e1ce,<\/span><\/strong><span dir=\"auto\">\u00a0ke\u010f\u017ee ten je jadrom eur\u00f3pskych projektov spolupr\u00e1ce.<\/span><\/p><p><strong><span dir=\"auto\">T\u00e9ma CREA-CULT-2025-COOP-2 \u2013 Projekty stredn\u00e9ho rozsahu:<\/span><\/strong><\/p><ul><li><strong><span dir=\"auto\">Konzorcium mus\u00ed pozost\u00e1va\u0165 z minim\u00e1lne 5 subjektov z 5 r\u00f4znych opr\u00e1vnen\u00fdch kraj\u00edn.<\/span><\/strong><\/li><li><strong><span dir=\"auto\">Maxim\u00e1lna v\u00fd\u0161ka grantu E\u00da je 1 000 000 EUR na projekt.<\/span><\/strong><\/li><li><strong><span dir=\"auto\">Miera financovania je maxim\u00e1lne 70 %<\/span><\/strong><\/li><\/ul><p><span dir=\"auto\">Podpora bude poskytnut\u00e1 projektom, ktor\u00e9 prispievaj\u00fa\u00a0<\/span><strong><span dir=\"auto\">k jedn\u00e9mu<\/span><\/strong><span dir=\"auto\">\u00a0z nasleduj\u00facich\u00a0<\/span><strong><span dir=\"auto\">cie\u013eov<\/span><\/strong><span dir=\"auto\">\u00a0:<\/span><\/p><p><strong><span dir=\"auto\">Cie\u013e 1 \u2013 Nadn\u00e1rodn\u00e1 tvorba a \u0161\u00edrenie<\/span><\/strong><span dir=\"auto\">\u00a0: posilni\u0165 nadn\u00e1rodn\u00fa tvorbu a \u0161\u00edrenie eur\u00f3pskych diel a umelcov.<\/span><\/p><p><span dir=\"auto\">Nadn\u00e1rodn\u00e1 tvorba a \u0161\u00edrenie s\u00fa d\u00f4le\u017eit\u00e9 pre rozvoj spolupr\u00e1ce, v\u00e4\u010d\u0161\u00ed dosah a v mnoh\u00fdch pr\u00edpadoch s\u00fa nevyhnutn\u00e9 pre \u017eivotaschopnos\u0165 a rozvoj kult\u00farnych organiz\u00e1ci\u00ed, in\u0161tit\u00faci\u00ed a jednotlivcov. Koprodukcia je tie\u017e n\u00e1strojom na stimul\u00e1ciu kreativity, zdie\u013eanie zdrojov a u\u013eah\u010denie nadn\u00e1rodnej distrib\u00facie obsahu a \u0161\u00edrenia umelcov. Projekty zoh\u013eadnia nov\u00fd kontext, ako s\u00fa zdravotn\u00e9 alebo environment\u00e1lne obavy, a integruj\u00fa inovat\u00edvne (digit\u00e1lne) sp\u00f4soby produkcie a \u0161\u00edrenia obsahu.<\/span><\/p><p><strong><span dir=\"auto\">Cie\u013e 2 \u2013 Inov\u00e1cia<\/span><\/strong><span dir=\"auto\">\u00a0: posilni\u0165 kapacitu eur\u00f3pskych kult\u00farnych a kreat\u00edvnych sektorov rozv\u00edja\u0165 talenty, inovova\u0165, prosperova\u0165 a vytv\u00e1ra\u0165 pracovn\u00e9 miesta a rast.<\/span><\/p><p><span dir=\"auto\">Projekty reaguj\u00face na tento cie\u013e by mali ma\u0165 charakter\u00a0<\/span><strong><span dir=\"auto\">budovania kapac\u00edt<\/span><\/strong><span dir=\"auto\">\u00a0, \u010do m\u00f4\u017ee by\u0165 technologickej a\/alebo umeleckej povahy a m\u00f4\u017ee zah\u0155\u0148a\u0165 v\u00fdvoj a experimentovanie s nov\u00fdmi postupmi alebo modelmi, ako aj prenos a \u0161\u00edrenie inovat\u00edvnych postupov.<\/span><\/p><p><span dir=\"auto\">Oblasti inov\u00e1ci\u00ed m\u00f4\u017eu zah\u0155\u0148a\u0165 soci\u00e1lny alebo spolo\u010densk\u00fd rozmer, ako napr\u00edklad: zapojenie\/rozvoj publika, rodov\u00e1 rovnos\u0165, za\u010dlenenie \u013eud\u00ed so zdravotn\u00fdm postihnut\u00edm, \u013eud\u00ed patriacich k men\u0161in\u00e1m a \u013eud\u00ed patriacich k soci\u00e1lne marginalizovan\u00fdm skupin\u00e1m, boj proti zmene kl\u00edmy, digitaliz\u00e1cia at\u010f., ako aj pr\u00edspevok kult\u00fary k zdraviu a pohode, najm\u00e4 du\u0161evn\u00e9mu zdraviu, vzh\u013eadom na existuj\u00face d\u00f4kazy a pretrv\u00e1vaj\u00facu kr\u00edzu du\u0161evn\u00e9ho zdravia, ktor\u00e1 postihuje najm\u00e4 ml\u00e1de\u017e.<\/span><\/p><\/div><div class=\"eui-u-mt-xs eui-u-text-center\">\u00a0<\/div><\/div><\/div><\/div><\/div>\t\t\t\t\t\t\t\t<\/div>\n\t\t\t\t<\/div>\n\t\t\t\t<div class=\"elementor-element elementor-element-d779128 ob-harakiri-inherit ob-has-background-overlay elementor-widget elementor-widget-heading\" data-id=\"d779128\" data-element_type=\"widget\" data-settings=\"{&quot;_ob_use_harakiri&quot;:&quot;yes&quot;,&quot;_ob_harakiri_writing_mode&quot;:&quot;inherit&quot;,&quot;_ob_harakiri_text_clip&quot;:&quot;none&quot;,&quot;_ob_perspektive_use&quot;:&quot;no&quot;,&quot;_ob_poopart_use&quot;:&quot;yes&quot;,&quot;_ob_shadough_use&quot;:&quot;no&quot;,&quot;_ob_allow_hoveranimator&quot;:&quot;no&quot;,&quot;_ob_widget_stalker_use&quot;:&quot;no&quot;}\" data-no-translation=\"\" data-widget_type=\"heading.default\">\n\t\t\t\t<div class=\"elementor-widget-container\">\n\t\t\t\t\t<h2 class=\"elementor-heading-title elementor-size-default\">Rezervujte si hodinov\u00fa konzult\u00e1ciu alebo sa prihl\u00e1ste na webin\u00e1r k pl\u00e1novanej v\u00fdzve, ktor\u00fd sa uskuto\u010dn\u00ed 15. 11. 2025.<\/h2>\t\t\t\t<\/div>\n\t\t\t\t<\/div>\n\t\t\t\t<section class=\"ob-is-breaking-bad ob-bb-inner elementor-section elementor-inner-section elementor-element elementor-element-afa8a7c elementor-section-boxed elementor-section-height-default elementor-section-height-default\" data-id=\"afa8a7c\" data-element_type=\"section\" data-settings=\"{&quot;_ob_bbad_use_it&quot;:&quot;yes&quot;,&quot;_ob_bbad_sssic_use&quot;:&quot;no&quot;,&quot;_ob_glider_is_slider&quot;:&quot;no&quot;}\" data-no-translation=\"\">\n\t\t\t\t\t\t<div class=\"elementor-container elementor-column-gap-default\">\n\t\t\t\t\t<div class=\"elementor-column elementor-col-50 elementor-inner-column elementor-element elementor-element-ceb1d75\" data-id=\"ceb1d75\" data-element_type=\"column\" data-settings=\"{&quot;_ob_bbad_is_stalker&quot;:&quot;no&quot;,&quot;_ob_teleporter_use&quot;:false,&quot;_ob_column_hoveranimator&quot;:&quot;no&quot;,&quot;_ob_column_has_pseudo&quot;:&quot;no&quot;}\">\n\t\t\t<div class=\"elementor-widget-wrap elementor-element-populated\">\n\t\t\t\t\t\t<div class=\"elementor-element elementor-element-24211e8 elementor-align-center elementor-mobile-align-center ob-has-background-overlay elementor-widget elementor-widget-button\" data-id=\"24211e8\" data-element_type=\"widget\" data-settings=\"{&quot;motion_fx_motion_fx_scrolling&quot;:&quot;yes&quot;,&quot;motion_fx_opacity_effect&quot;:&quot;yes&quot;,&quot;motion_fx_opacity_level&quot;:{&quot;unit&quot;:&quot;px&quot;,&quot;size&quot;:3,&quot;sizes&quot;:[]},&quot;motion_fx_opacity_range&quot;:{&quot;unit&quot;:&quot;%&quot;,&quot;size&quot;:&quot;&quot;,&quot;sizes&quot;:{&quot;start&quot;:0,&quot;end&quot;:52}},&quot;_ob_butterbutton_use_it&quot;:&quot;no&quot;,&quot;_ob_perspektive_use&quot;:&quot;no&quot;,&quot;motion_fx_opacity_direction&quot;:&quot;out-in&quot;,&quot;motion_fx_devices&quot;:[&quot;desktop&quot;,&quot;tablet&quot;,&quot;mobile&quot;],&quot;_ob_poopart_use&quot;:&quot;yes&quot;,&quot;_ob_shadough_use&quot;:&quot;no&quot;,&quot;_ob_allow_hoveranimator&quot;:&quot;no&quot;,&quot;_ob_widget_stalker_use&quot;:&quot;no&quot;}\" data-no-translation=\"\" data-widget_type=\"button.default\">\n\t\t\t\t<div class=\"elementor-widget-container\">\n\t\t\t\t\t\t\t\t\t<div class=\"elementor-button-wrapper\">\n\t\t\t\t\t<a class=\"elementor-button elementor-button-link elementor-size-sm elementor-animation-grow\" href=\"#elementor-action%3Aaction%3Dpopup%3Aopen%26settings%3DeyJpZCI6IjMyNTc5IiwidG9nZ2xlIjpmYWxzZX0%3D\">\n\t\t\t\t\t\t<span class=\"elementor-button-content-wrapper\">\n\t\t\t\t\t\t\t\t\t<span class=\"elementor-button-text\">Konzult\u00e1cia<\/span>\n\t\t\t\t\t<\/span>\n\t\t\t\t\t<\/a>\n\t\t\t\t<\/div>\n\t\t\t\t\t\t\t\t<\/div>\n\t\t\t\t<\/div>\n\t\t\t\t\t<\/div>\n\t\t<\/div>\n\t\t\t\t<div class=\"elementor-column elementor-col-50 elementor-inner-column elementor-element elementor-element-593b176\" data-id=\"593b176\" data-element_type=\"column\" data-settings=\"{&quot;_ob_bbad_is_stalker&quot;:&quot;no&quot;,&quot;_ob_teleporter_use&quot;:false,&quot;_ob_column_hoveranimator&quot;:&quot;no&quot;,&quot;_ob_column_has_pseudo&quot;:&quot;no&quot;}\">\n\t\t\t<div class=\"elementor-widget-wrap elementor-element-populated\">\n\t\t\t\t\t\t<div class=\"elementor-element elementor-element-d39efd5 elementor-align-center elementor-mobile-align-center ob-has-background-overlay elementor-widget elementor-widget-button\" data-id=\"d39efd5\" data-element_type=\"widget\" data-settings=\"{&quot;motion_fx_motion_fx_scrolling&quot;:&quot;yes&quot;,&quot;motion_fx_opacity_effect&quot;:&quot;yes&quot;,&quot;motion_fx_opacity_level&quot;:{&quot;unit&quot;:&quot;px&quot;,&quot;size&quot;:3,&quot;sizes&quot;:[]},&quot;motion_fx_opacity_range&quot;:{&quot;unit&quot;:&quot;%&quot;,&quot;size&quot;:&quot;&quot;,&quot;sizes&quot;:{&quot;start&quot;:0,&quot;end&quot;:52}},&quot;_ob_butterbutton_use_it&quot;:&quot;no&quot;,&quot;_ob_perspektive_use&quot;:&quot;no&quot;,&quot;motion_fx_opacity_direction&quot;:&quot;out-in&quot;,&quot;motion_fx_devices&quot;:[&quot;desktop&quot;,&quot;tablet&quot;,&quot;mobile&quot;],&quot;_ob_poopart_use&quot;:&quot;yes&quot;,&quot;_ob_shadough_use&quot;:&quot;no&quot;,&quot;_ob_allow_hoveranimator&quot;:&quot;no&quot;,&quot;_ob_widget_stalker_use&quot;:&quot;no&quot;}\" data-no-translation=\"\" data-widget_type=\"button.default\">\n\t\t\t\t<div class=\"elementor-widget-container\">\n\t\t\t\t\t\t\t\t\t<div class=\"elementor-button-wrapper\">\n\t\t\t\t\t<a class=\"elementor-button elementor-button-link elementor-size-sm elementor-animation-grow\" href=\"#elementor-action%3Aaction%3Dpopup%3Aopen%26settings%3DeyJpZCI6IjI1NjkiLCJ0b2dnbGUiOmZhbHNlfQ%3D%3D\">\n\t\t\t\t\t\t<span class=\"elementor-button-content-wrapper\">\n\t\t\t\t\t\t\t\t\t<span class=\"elementor-button-text\">Webin\u00e1r<\/span>\n\t\t\t\t\t<\/span>\n\t\t\t\t\t<\/a>\n\t\t\t\t<\/div>\n\t\t\t\t\t\t\t\t<\/div>\n\t\t\t\t<\/div>\n\t\t\t\t\t<\/div>\n\t\t<\/div>\n\t\t\t\t\t<\/div>\n\t\t<\/section>\n\t\t\t\t<div class=\"elementor-element elementor-element-5cff7e1 ob-harakiri-inherit ob-has-background-overlay elementor-widget elementor-widget-text-editor\" data-id=\"5cff7e1\" data-element_type=\"widget\" data-settings=\"{&quot;_ob_use_harakiri&quot;:&quot;yes&quot;,&quot;_ob_harakiri_writing_mode&quot;:&quot;inherit&quot;,&quot;_ob_postman_use&quot;:&quot;no&quot;,&quot;_ob_perspektive_use&quot;:&quot;no&quot;,&quot;_ob_poopart_use&quot;:&quot;yes&quot;,&quot;_ob_shadough_use&quot;:&quot;no&quot;,&quot;_ob_allow_hoveranimator&quot;:&quot;no&quot;,&quot;_ob_widget_stalker_use&quot;:&quot;no&quot;}\" data-widget_type=\"text-editor.default\">\n\t\t\t\t<div class=\"elementor-widget-container\">\n\t\t\t\t\t\t\t\t\t<div class=\"eui-card-header__container\">\u00a0<\/div><div class=\"\"><div><div><p><strong><span dir=\"auto\">\u010c\u00cdSLA PODAN\u00ddCH \u017dIADOST\u00cd Z ROKU 2025<\/span><\/strong><\/p><p><span dir=\"auto\">V\u00fdzva CREA-CULT-2025-COOP bola uzavret\u00e1 13.05.2025.<\/span><\/p><p><span dir=\"auto\">Bolo predlo\u017een\u00fdch\u00a0<strong>1 663 n\u00e1vrhov.<\/strong><\/span><\/p><p class=\"ql-align-justify\"><span dir=\"auto\">Rozdelenie pod\u013ea t\u00e9m je:<\/span><\/p><ul><li class=\"ql-align-justify\"><span dir=\"auto\">CREA-CULT-2025-COOP-1 (Mal\u00fd rozsah): 1,029<\/span><\/li><li class=\"ql-align-justify\"><span dir=\"auto\">CREA-CULT-2025-COOP-2 (Stredn\u00fd rozsah): 554<\/span><\/li><li class=\"ql-align-justify\"><span dir=\"auto\">CREA-CULT-2025-COOP-3 (Ve\u013ek\u00fd rozsah): 80<\/span><\/li><\/ul><p><span dir=\"auto\">O\u010dak\u00e1va sa, \u017ee v\u00fdsledky hodnotenia bud\u00fa ozn\u00e1men\u00e9 v\u00a0<\/span><strong><span dir=\"auto\">okt\u00f3bri 2025<\/span><\/strong><span dir=\"auto\">\u00a0.<\/span><\/p><\/div><\/div><div><p><small><strong><span dir=\"auto\">10. decembra 2024<\/span><\/strong><\/small><\/p><div><span dir=\"auto\">Rel\u00e1cia s odoslan\u00edm pr\u00edspevkov je teraz k dispoz\u00edcii pre: CREA-CULT-2025-COOP-1, CREA-CULT-2025-COOP-3, CREA-CULT-2025-COOP-2<\/span><\/div><\/div><\/div>\t\t\t\t\t\t\t\t<\/div>\n\t\t\t\t<\/div>\n\t\t\t\t\t<\/div>\n\t\t<\/div>\n\t\t\t\t\t<\/div>\n\t\t<\/section>\n\t\t\t\t<\/div>","protected":false},"excerpt":{"rendered":"<p>CREA-CULT-2025-COOP-2 [table id=6 \/]Topic description Objective: The action European Cooperation Projects supports projects involving organisations in the cultural and creative sectors of all sizes, including micro-organisations and small-sized organisations, and from different countries to undertake sectoral or cross-sectoral activities. Proposals are expected to present a clear\u00a0cross-border cooperation dimension\u00a0as this is at the core of the [&hellip;]<\/p>","protected":false},"author":50,"featured_media":0,"comment_status":"closed","ping_status":"open","sticky":false,"template":"elementor_theme","format":"standard","meta":{"pmpro_default_level":"","footnotes":""},"categories":[1],"tags":[],"class_list":["post-32473","post","type-post","status-publish","format-standard","hentry","category-uncategorized-sk","pmpro-has-access"],"_links":{"self":[{"href":"https:\/\/artunio.com\/sk\/wp-json\/wp\/v2\/posts\/32473","targetHints":{"allow":["GET"]}}],"collection":[{"href":"https:\/\/artunio.com\/sk\/wp-json\/wp\/v2\/posts"}],"about":[{"href":"https:\/\/artunio.com\/sk\/wp-json\/wp\/v2\/types\/post"}],"author":[{"embeddable":true,"href":"https:\/\/artunio.com\/sk\/wp-json\/wp\/v2\/users\/50"}],"replies":[{"embeddable":true,"href":"https:\/\/artunio.com\/sk\/wp-json\/wp\/v2\/comments?post=32473"}],"version-history":[{"count":31,"href":"https:\/\/artunio.com\/sk\/wp-json\/wp\/v2\/posts\/32473\/revisions"}],"predecessor-version":[{"id":32657,"href":"https:\/\/artunio.com\/sk\/wp-json\/wp\/v2\/posts\/32473\/revisions\/32657"}],"wp:attachment":[{"href":"https:\/\/artunio.com\/sk\/wp-json\/wp\/v2\/media?parent=32473"}],"wp:term":[{"taxonomy":"category","embeddable":true,"href":"https:\/\/artunio.com\/sk\/wp-json\/wp\/v2\/categories?post=32473"},{"taxonomy":"post_tag","embeddable":true,"href":"https:\/\/artunio.com\/sk\/wp-json\/wp\/v2\/tags?post=32473"}],"curies":[{"name":"wp","href":"https:\/\/api.w.org\/{rel}","templated":true}]}}