{"id":28978,"date":"2025-01-24T10:45:08","date_gmt":"2025-01-24T10:45:08","guid":{"rendered":"https:\/\/artunio.com\/?p=28978"},"modified":"2025-01-24T10:45:47","modified_gmt":"2025-01-24T10:45:47","slug":"xan-campos-trio-amoria-live-at-mmvv-2021","status":"publish","type":"post","link":"https:\/\/artunio.com\/sk\/28978\/","title":{"rendered":"Xan Campos Trio &#8211; Amoria (live at MMVV 2021)"},"content":{"rendered":"<div data-elementor-type=\"wp-post\" data-elementor-id=\"28978\" class=\"elementor elementor-28978\" data-elementor-post-type=\"post\">\n\t\t\t\t\t\t<section class=\"ob-is-breaking-bad elementor-section elementor-top-section elementor-element elementor-element-129ba0f elementor-section-boxed elementor-section-height-default elementor-section-height-default\" data-id=\"129ba0f\" data-element_type=\"section\" data-settings=\"{&quot;_ob_bbad_use_it&quot;:&quot;yes&quot;,&quot;_ob_bbad_sssic_use&quot;:&quot;no&quot;,&quot;_ob_glider_is_slider&quot;:&quot;no&quot;}\">\n\t\t\t\t\t\t<div class=\"elementor-container elementor-column-gap-default\">\n\t\t\t\t\t<div class=\"elementor-column elementor-col-100 elementor-top-column elementor-element elementor-element-064220b\" data-id=\"064220b\" data-element_type=\"column\" data-settings=\"{&quot;_ob_bbad_is_stalker&quot;:&quot;no&quot;,&quot;_ob_teleporter_use&quot;:false,&quot;_ob_column_hoveranimator&quot;:&quot;no&quot;,&quot;_ob_column_has_pseudo&quot;:&quot;no&quot;}\">\n\t\t\t<div class=\"elementor-widget-wrap elementor-element-populated\">\n\t\t\t\t\t\t<div class=\"elementor-element elementor-element-84e42f9 ob-harakiri-inherit ob-has-background-overlay elementor-widget elementor-widget-text-editor\" data-id=\"84e42f9\" data-element_type=\"widget\" data-settings=\"{&quot;_ob_use_harakiri&quot;:&quot;yes&quot;,&quot;_ob_harakiri_writing_mode&quot;:&quot;inherit&quot;,&quot;_ob_postman_use&quot;:&quot;no&quot;,&quot;_ob_perspektive_use&quot;:&quot;no&quot;,&quot;_ob_poopart_use&quot;:&quot;yes&quot;,&quot;_ob_shadough_use&quot;:&quot;no&quot;,&quot;_ob_allow_hoveranimator&quot;:&quot;no&quot;,&quot;_ob_widget_stalker_use&quot;:&quot;no&quot;}\" data-widget_type=\"text-editor.default\">\n\t\t\t\t<div class=\"elementor-widget-container\">\n\t\t\t\t\t\t\t\t\t<p>Xan Campos (piano)<\/p><p>Horacio Garc\u00eda (double bass)<\/p><p>Iago Fern\u00e1ndez (drums)<\/p><p>Recorded live at L&#8217;Atl\u00e0ntida during the Mercat de M\u00fasica Viva de Vic, September 16th 2021<\/p><p>For similar content follow:<\/p>\t\t\t\t\t\t\t\t<\/div>\n\t\t\t\t<\/div>\n\t\t\t\t<div class=\"elementor-element elementor-element-519926a elementor-mobile-align-left elementor-align-center elementor-widget__width-initial stax-condition-yes stax-user_role_enabled-yes elementor-invisible ob-has-background-overlay elementor-widget elementor-widget-button\" data-id=\"519926a\" data-element_type=\"widget\" data-settings=\"{&quot;_animation&quot;:&quot;fadeInRight&quot;,&quot;_animation_delay&quot;:500,&quot;_ob_butterbutton_use_it&quot;:&quot;no&quot;,&quot;_ob_perspektive_use&quot;:&quot;no&quot;,&quot;_ob_poopart_use&quot;:&quot;yes&quot;,&quot;_ob_shadough_use&quot;:&quot;no&quot;,&quot;_ob_allow_hoveranimator&quot;:&quot;no&quot;,&quot;_ob_widget_stalker_use&quot;:&quot;no&quot;}\" data-widget_type=\"button.default\">\n\t\t\t\t<div class=\"elementor-widget-container\">\n\t\t\t\t\t\t\t\t\t<div class=\"elementor-button-wrapper\">\n\t\t\t\t\t<a class=\"elementor-button elementor-button-link elementor-size-sm elementor-animation-grow\" href=\"https:\/\/artunio.com\/sk\/register\/\">\n\t\t\t\t\t\t<span class=\"elementor-button-content-wrapper\">\n\t\t\t\t\t\t\t\t\t<span class=\"elementor-button-text\">Registr\u00e1cia<\/span>\n\t\t\t\t\t<\/span>\n\t\t\t\t\t<\/a>\n\t\t\t\t<\/div>\n\t\t\t\t\t\t\t\t<\/div>\n\t\t\t\t<\/div>\n\t\t\t\t\t<\/div>\n\t\t<\/div>\n\t\t\t\t\t<\/div>\n\t\t<\/section>\n\t\t\t\t<\/div>","protected":false},"excerpt":{"rendered":"<p>Xan Campos (piano) Horacio Garc\u00eda (double bass) Iago Fern\u00e1ndez (drums) Recorded live at L&#8217;Atl\u00e0ntida during the Mercat de M\u00fasica Viva de Vic, September 16th 2021 For similar content follow:<\/p>","protected":false},"author":625,"featured_media":28980,"comment_status":"closed","ping_status":"open","sticky":false,"template":"elementor_theme","format":"standard","meta":{"pmpro_default_level":"","footnotes":""},"categories":[105],"tags":[],"class_list":["post-28978","post","type-post","status-publish","format-standard","has-post-thumbnail","hentry","category-uncategorized-en","pmpro-has-access","rsfv-has-video"],"_links":{"self":[{"href":"https:\/\/artunio.com\/sk\/wp-json\/wp\/v2\/posts\/28978","targetHints":{"allow":["GET"]}}],"collection":[{"href":"https:\/\/artunio.com\/sk\/wp-json\/wp\/v2\/posts"}],"about":[{"href":"https:\/\/artunio.com\/sk\/wp-json\/wp\/v2\/types\/post"}],"author":[{"embeddable":true,"href":"https:\/\/artunio.com\/sk\/wp-json\/wp\/v2\/users\/625"}],"replies":[{"embeddable":true,"href":"https:\/\/artunio.com\/sk\/wp-json\/wp\/v2\/comments?post=28978"}],"version-history":[{"count":4,"href":"https:\/\/artunio.com\/sk\/wp-json\/wp\/v2\/posts\/28978\/revisions"}],"predecessor-version":[{"id":28983,"href":"https:\/\/artunio.com\/sk\/wp-json\/wp\/v2\/posts\/28978\/revisions\/28983"}],"wp:featuredmedia":[{"embeddable":true,"href":"https:\/\/artunio.com\/sk\/wp-json\/wp\/v2\/media\/28980"}],"wp:attachment":[{"href":"https:\/\/artunio.com\/sk\/wp-json\/wp\/v2\/media?parent=28978"}],"wp:term":[{"taxonomy":"category","embeddable":true,"href":"https:\/\/artunio.com\/sk\/wp-json\/wp\/v2\/categories?post=28978"},{"taxonomy":"post_tag","embeddable":true,"href":"https:\/\/artunio.com\/sk\/wp-json\/wp\/v2\/tags?post=28978"}],"curies":[{"name":"wp","href":"https:\/\/api.w.org\/{rel}","templated":true}]}}