{"id":26930,"date":"2024-07-15T08:13:51","date_gmt":"2024-07-15T08:13:51","guid":{"rendered":"https:\/\/artunio.com\/?p=26930"},"modified":"2024-10-14T10:13:29","modified_gmt":"2024-10-14T10:13:29","slug":"artunio-talks-ep-04-multiverzum","status":"publish","type":"post","link":"https:\/\/artunio.com\/sk\/26930\/","title":{"rendered":"Artunio Talks \u2013 EP. 04 \u2013 MULTIVERZUM (26.6. &#8211; 26.10.2024) v\u00fdstava PGU v \u017diline"},"content":{"rendered":"<div data-elementor-type=\"wp-post\" data-elementor-id=\"26930\" class=\"elementor elementor-26930\" data-elementor-post-type=\"post\">\n\t\t\t\t\t\t<section class=\"ob-is-breaking-bad elementor-section elementor-top-section elementor-element elementor-element-129ba0f elementor-section-boxed elementor-section-height-default elementor-section-height-default\" data-id=\"129ba0f\" data-element_type=\"section\" data-settings=\"{&quot;_ob_bbad_use_it&quot;:&quot;yes&quot;,&quot;_ob_bbad_sssic_use&quot;:&quot;no&quot;,&quot;_ob_glider_is_slider&quot;:&quot;no&quot;}\">\n\t\t\t\t\t\t<div class=\"elementor-container elementor-column-gap-default\">\n\t\t\t\t\t<div class=\"elementor-column elementor-col-100 elementor-top-column elementor-element elementor-element-064220b\" data-id=\"064220b\" data-element_type=\"column\" data-settings=\"{&quot;_ob_bbad_is_stalker&quot;:&quot;no&quot;,&quot;_ob_teleporter_use&quot;:false,&quot;_ob_column_hoveranimator&quot;:&quot;no&quot;,&quot;_ob_column_has_pseudo&quot;:&quot;no&quot;}\">\n\t\t\t<div class=\"elementor-widget-wrap elementor-element-populated\">\n\t\t\t\t\t\t<div class=\"elementor-element elementor-element-84e42f9 ob-harakiri-inherit ob-has-background-overlay elementor-widget elementor-widget-text-editor\" data-id=\"84e42f9\" data-element_type=\"widget\" data-settings=\"{&quot;_ob_use_harakiri&quot;:&quot;yes&quot;,&quot;_ob_harakiri_writing_mode&quot;:&quot;inherit&quot;,&quot;_ob_postman_use&quot;:&quot;no&quot;,&quot;_ob_perspektive_use&quot;:&quot;no&quot;,&quot;_ob_poopart_use&quot;:&quot;yes&quot;,&quot;_ob_shadough_use&quot;:&quot;no&quot;,&quot;_ob_allow_hoveranimator&quot;:&quot;no&quot;,&quot;_ob_widget_stalker_use&quot;:&quot;no&quot;}\" data-widget_type=\"text-editor.default\">\n\t\t\t\t<div class=\"elementor-widget-container\">\n\t\t\t\t\t\t\t\t\t<p>V\u00fdstava prin\u00e1\u0161a poh\u013ead do aktu\u00e1lnych pod\u00f4b ma\u013eby v tvorbe najmlad\u0161ej a mladej gener\u00e1cie umelk\u00fd\u0148 a umelcov, ktor\u00ed po skon\u010den\u00ed \u0161t\u00fadi\u00ed kontinu\u00e1lne tvoria na Slovensku, \u010di v zahrani\u010d\u00ed, najm\u00e4 v \u010ceskej republike. V\u00fdstava m\u00e1 tzv. sal\u00f3nny charakter \u2013 v\u00fdber jej kur\u00e1toriek Jany Farmanovej a Miry Sikorovej-Puti\u0161ovej akcentuje najm\u00e4 t\u00e9my pr\u00edtomn\u00e9 v aktu\u00e1lnej ma\u013ebe: int\u00edmne, osobn\u00e9 t\u00e9my spojen\u00e9 s identitou, telesnos\u0165ou alebo osobnou mytol\u00f3giou, ukotvenie jedinca v spolo\u010dnosti, bytie ako soci\u00e1lnu interakciu, krajinu \u2013 mestsk\u00fa \u010di pr\u00edrodn\u00fa a ut\u00f3pie alebo dystopie s \u0148ou s\u00favisiace, t\u00e9my zviazan\u00e9 s klimatickou kr\u00edzou a koncom antropoc\u00e9nu, no i situ\u00e1cie, ke\u010f je ma\u013eba politick\u00fdm \u010di anga\u017eovan\u00fdm gestom autorky\/autora. Uveden\u00e1 \u0161irok\u00e1 paleta t\u00e9m, autorsk\u00fdch pr\u00edstupov s t\u00fdm zviazan\u00fdch rukopisov i ikonografi\u00ed prezentuje s\u00fa\u010dasn\u00fa mlad\u00fa ma\u013ebu ako \u017eivotaschopn\u00fa \u010das\u0165 aktu\u00e1lneho slovensk\u00e9ho umenia.<\/p><p>Viac sa do\u010d\u00edtate na: www.pgu.sk\/vystavy\/multiverzum\/<\/p><p>Vystavuj\u00faci autori: Zolt\u00e1n Ag\u00f3cs, J\u00e1n B\u00e1torek, Zuzana Badinkov\u00e1, Krist\u00edna Bukov\u010d\u00e1kov\u00e1, Daniela Chrienov\u00e1, Roman \u010eur\u010dek, Peter Deche\u0165, Gabriela Do\u013eack\u00e1, Juraj Florek, Kate\u0159ina Kocourkov\u00e1, Dominika Kov\u00e1\u010dikov\u00e1, Katar\u00edna Magdiakov\u00e1, Nat\u00e1lia Okolics\u00e1nyiov\u00e1, Miroslav Pel\u00e1k, Krist\u00edna Rambousek, Martina R\u00f6tlingov\u00e1, Roman Rembovsk\u00fd, Miroslav Sandanus, Michaela \u0160uransk\u00e1, Nat\u00e1lia \u0160imonov\u00e1, Juraj Toman, \u0160imon T\u00f3th, Du\u0161ana Vrbovsk\u00e1<\/p><p>Pre viac tak\u00e9hoto obsahu nezabudnite sledova\u0165 profil: Pova\u017esk\u00e1 gal\u00e9ria umenia v \u017diline na novej soci\u00e1lnej sieti www.artunio.com<\/p>\t\t\t\t\t\t\t\t<\/div>\n\t\t\t\t<\/div>\n\t\t\t\t<div class=\"elementor-element elementor-element-519926a elementor-mobile-align-left elementor-align-center elementor-widget__width-initial stax-condition-yes stax-user_role_enabled-yes elementor-invisible ob-has-background-overlay elementor-widget elementor-widget-button\" data-id=\"519926a\" data-element_type=\"widget\" data-settings=\"{&quot;_animation&quot;:&quot;fadeInRight&quot;,&quot;_animation_delay&quot;:500,&quot;_ob_butterbutton_use_it&quot;:&quot;no&quot;,&quot;_ob_perspektive_use&quot;:&quot;no&quot;,&quot;_ob_poopart_use&quot;:&quot;yes&quot;,&quot;_ob_shadough_use&quot;:&quot;no&quot;,&quot;_ob_allow_hoveranimator&quot;:&quot;no&quot;,&quot;_ob_widget_stalker_use&quot;:&quot;no&quot;}\" data-widget_type=\"button.default\">\n\t\t\t\t<div class=\"elementor-widget-container\">\n\t\t\t\t\t\t\t\t\t<div class=\"elementor-button-wrapper\">\n\t\t\t\t\t<a class=\"elementor-button elementor-button-link elementor-size-sm elementor-animation-grow\" href=\"https:\/\/artunio.com\/sk\/register\/\">\n\t\t\t\t\t\t<span class=\"elementor-button-content-wrapper\">\n\t\t\t\t\t\t\t\t\t<span class=\"elementor-button-text\">Registr\u00e1cia<\/span>\n\t\t\t\t\t<\/span>\n\t\t\t\t\t<\/a>\n\t\t\t\t<\/div>\n\t\t\t\t\t\t\t\t<\/div>\n\t\t\t\t<\/div>\n\t\t\t\t\t<\/div>\n\t\t<\/div>\n\t\t\t\t\t<\/div>\n\t\t<\/section>\n\t\t\t\t<\/div>","protected":false},"excerpt":{"rendered":"<p>V\u00fdstava prin\u00e1\u0161a poh\u013ead do aktu\u00e1lnych pod\u00f4b ma\u013eby v tvorbe najmlad\u0161ej a mladej gener\u00e1cie umelk\u00fd\u0148 a umelcov, ktor\u00ed po skon\u010den\u00ed \u0161t\u00fadi\u00ed kontinu\u00e1lne tvoria na Slovensku, \u010di v zahrani\u010d\u00ed, najm\u00e4 v \u010ceskej republike. V\u00fdstava m\u00e1 tzv. sal\u00f3nny charakter \u2013 v\u00fdber jej kur\u00e1toriek Jany Farmanovej a Miry Sikorovej-Puti\u0161ovej akcentuje najm\u00e4 t\u00e9my pr\u00edtomn\u00e9 v aktu\u00e1lnej ma\u013ebe: int\u00edmne, osobn\u00e9 t\u00e9my [&hellip;]<\/p>","protected":false},"author":199,"featured_media":27903,"comment_status":"closed","ping_status":"open","sticky":false,"template":"elementor_theme","format":"standard","meta":{"pmpro_default_level":"","footnotes":""},"categories":[148],"tags":[],"class_list":["post-26930","post","type-post","status-publish","format-standard","has-post-thumbnail","hentry","category-rozhovory","pmpro-has-access","rsfv-has-video"],"_links":{"self":[{"href":"https:\/\/artunio.com\/sk\/wp-json\/wp\/v2\/posts\/26930","targetHints":{"allow":["GET"]}}],"collection":[{"href":"https:\/\/artunio.com\/sk\/wp-json\/wp\/v2\/posts"}],"about":[{"href":"https:\/\/artunio.com\/sk\/wp-json\/wp\/v2\/types\/post"}],"author":[{"embeddable":true,"href":"https:\/\/artunio.com\/sk\/wp-json\/wp\/v2\/users\/199"}],"replies":[{"embeddable":true,"href":"https:\/\/artunio.com\/sk\/wp-json\/wp\/v2\/comments?post=26930"}],"version-history":[{"count":5,"href":"https:\/\/artunio.com\/sk\/wp-json\/wp\/v2\/posts\/26930\/revisions"}],"predecessor-version":[{"id":26936,"href":"https:\/\/artunio.com\/sk\/wp-json\/wp\/v2\/posts\/26930\/revisions\/26936"}],"wp:featuredmedia":[{"embeddable":true,"href":"https:\/\/artunio.com\/sk\/wp-json\/wp\/v2\/media\/27903"}],"wp:attachment":[{"href":"https:\/\/artunio.com\/sk\/wp-json\/wp\/v2\/media?parent=26930"}],"wp:term":[{"taxonomy":"category","embeddable":true,"href":"https:\/\/artunio.com\/sk\/wp-json\/wp\/v2\/categories?post=26930"},{"taxonomy":"post_tag","embeddable":true,"href":"https:\/\/artunio.com\/sk\/wp-json\/wp\/v2\/tags?post=26930"}],"curies":[{"name":"wp","href":"https:\/\/api.w.org\/{rel}","templated":true}]}}